{"id":433,"date":"2018-01-30T18:27:08","date_gmt":"2018-01-30T18:27:08","guid":{"rendered":"http:\/\/mathieuwuhrmann.com\/?p=433"},"modified":"2018-02-09T12:29:58","modified_gmt":"2018-02-09T12:29:58","slug":"bosquet","status":"publish","type":"post","link":"https:\/\/mathieuwuhrmann.com\/?p=433","title":{"rendered":"Bosquet"},"content":{"rendered":"<h4><em>Pourtant ce petit bosquet \u00e0 la sortie d\u2019un champ&#8230; (<\/em>extraits du livre <em>Portraits d&#8217;arbres)<\/em><\/h4>\n<p>Notes de carnets :<\/p>\n<p>Je suis entour\u00e9 des couleurs de l\u2019automne et pourtant je ne le remarque que rarement, mais quand c\u2019est le cas je suis \u00e9merveill\u00e9 par toutes ces nuances, du vert au marron, par la couleur jaune, rouge, orange, presque vive dans les bouleaux, dans les feuilles de sureaux, dans les liquidambars (il y a plusieurs grands sp\u00e9cimens au jardin des plantes de Nantes, devant lesquels je suis pass\u00e9 des centaines de fois sans y faire attention), dans les acers japonica, dans la couleur terre des feuilles pr\u00eates \u00e0 tomber, mortes.<br \/>\nJ\u2019ai du mal \u00e0 dire feuilles mortes depuis que j\u2019ai lu ce passage de Thoreau qui les compare \u00e0 des fruits \u2013 je ne dis pas des pommes mortes apr\u00e8s tout, alors qu\u2019elles sont aussi pr\u00eates \u00e0 se d\u00e9tacher !<br \/>\nToutes ces couleurs, c\u2019est un plaisir d\u2019abord, pour les yeux, pour cette partie de moi qui aime leur douceur, leurs variations qui sont comme des m\u00e9lodies, qui m\u2019emportent un peu dans leur l\u00e9g\u00e8ret\u00e9. Mais si ce n\u2019\u00e9tait que cela, n\u2019aurais-je pas cette envie irr\u00e9pressible de trouver d\u2019autres arbres aux couleurs plus \u00e9tonnantes, aux for\u00eats plus flamboyantes ? N\u2019aurais-je pas ce d\u00e9sir d\u2019aller voir les for\u00eats canadiennes, d\u2019\u00e9rables rouges, qui sont tels que Thoreau les voit s\u2019enflammer ? En cette saison d\u2019automne les petits arbres \u00e0 l\u2019or\u00e9e des bois s\u2019enflamment d\u2019abord dit-il, pr\u00e9c\u00e9dant l\u2019embrasement total des for\u00eats d\u2019\u00e9rables rouges.<\/p>\n<p>Pourtant ce petit bosquet \u00e0 la sortie d\u2019un champ n\u2019\u00e9tait pas un appel \u00e0 aller voir d\u2019autres bosquets ou de chercher d\u2019autres bois, d\u2019autres for\u00eats. Il m\u2019appelait au contraire \u00e0 me rapprocher de lui, \u00e0 faire attention au rythme du changement de ses couleurs. Oui, ses couleurs sont plus ternes. Mais elles me demandent de me rapprocher, encore et encore, pour y voir dans ses simples nuances de bruns, toutes les couleurs, pr\u00e9sentes enti\u00e8rement, dans ce petit lieu au milieu de nulle-part. C\u2019est un monde \u00e0 part, qui para\u00eet terne \u00e0 premi\u00e8re vue, mais poss\u00e8de en fait toute la gamme des couleurs de ce qui pousse et de ce qui se d\u00e9t\u00e9riore. Ces couleurs accompagnent le cycle de ce qui vit et meurt au sein de ce petit bosquet, et c\u2019est l\u2019impression qu\u2019elles suffisent.<br \/>\nQuand je suis proche du bosquet, assez pour entendre ses chuchotements, c\u2019est en moi que je suis. Et le terne que je ne voulais pas voir prend soudainement des couleurs qui n\u2019ont pas de nom dans ce monde. Ce n\u2019est plus du gris, du terre, du marronn\u00e2tre. C\u2019est une m\u00e9lodie de nuances qui donne vie, qui est vie et donc \u00e0 laquelle j\u2019appartiens. Et ces couleurs deviennent mes couleurs, celles que je veux porter au devant du monde.<br \/>\nIl faut toujours que j\u2019en revienne \u00e0 des descriptions qui sont proches de ce que j\u2019ai senti, v\u00e9cu, et pour cela il faut que je retrouve ce souvenir comme s\u2019il r\u00e9sidait tout entier dans une pi\u00e8ce, qu\u2019il fallait la trouver et y \u00eatre invit\u00e9 pour revivre ce souvenir et le restituer. Ce bosquet que j\u2019ai crois\u00e9 en voiture \u2013 et cette pr\u00e9cision ne doit pas donner \u00e0 cette vision un sens de pr\u00e9cipitation \u2013 c\u2019est comme si j\u2019y \u00e9tais encore, plusieurs heures plus tard et des centaines de kilom\u00e8tres plus loin, debout face \u00e0 sa frondaison, l\u2019\u00e9coutant, cherchant \u00e0 comprendre son myst\u00e8re par ses mouvements de feuilles et de branches et par ses couleurs comme j\u2019aimerais r\u00e9ussir \u00e0 les peindre.<\/p>\n","protected":false},"excerpt":{"rendered":"<p>Pourtant ce petit bosquet \u00e0 la sortie d\u2019un champ&#8230; (extraits du livre Portraits d&#8217;arbres) Notes de carnets : Je suis entour\u00e9 des couleurs de l\u2019automne et pourtant je ne le remarque que rarement, mais quand c\u2019est le cas je suis \u00e9merveill\u00e9 par toutes ces nuances, du vert au marron, par la couleur jaune, rouge, orange, [&hellip;]<\/p>\n","protected":false},"author":1,"featured_media":0,"comment_status":"open","ping_status":"open","sticky":false,"template":"","format":"standard","meta":[],"categories":[10],"tags":[],"_links":{"self":[{"href":"https:\/\/mathieuwuhrmann.com\/index.php?rest_route=\/wp\/v2\/posts\/433"}],"collection":[{"href":"https:\/\/mathieuwuhrmann.com\/index.php?rest_route=\/wp\/v2\/posts"}],"about":[{"href":"https:\/\/mathieuwuhrmann.com\/index.php?rest_route=\/wp\/v2\/types\/post"}],"author":[{"embeddable":true,"href":"https:\/\/mathieuwuhrmann.com\/index.php?rest_route=\/wp\/v2\/users\/1"}],"replies":[{"embeddable":true,"href":"https:\/\/mathieuwuhrmann.com\/index.php?rest_route=%2Fwp%2Fv2%2Fcomments&post=433"}],"version-history":[{"count":4,"href":"https:\/\/mathieuwuhrmann.com\/index.php?rest_route=\/wp\/v2\/posts\/433\/revisions"}],"predecessor-version":[{"id":623,"href":"https:\/\/mathieuwuhrmann.com\/index.php?rest_route=\/wp\/v2\/posts\/433\/revisions\/623"}],"wp:attachment":[{"href":"https:\/\/mathieuwuhrmann.com\/index.php?rest_route=%2Fwp%2Fv2%2Fmedia&parent=433"}],"wp:term":[{"taxonomy":"category","embeddable":true,"href":"https:\/\/mathieuwuhrmann.com\/index.php?rest_route=%2Fwp%2Fv2%2Fcategories&post=433"},{"taxonomy":"post_tag","embeddable":true,"href":"https:\/\/mathieuwuhrmann.com\/index.php?rest_route=%2Fwp%2Fv2%2Ftags&post=433"}],"curies":[{"name":"wp","href":"https:\/\/api.w.org\/{rel}","templated":true}]}}