{"id":430,"date":"2018-01-30T18:23:48","date_gmt":"2018-01-30T18:23:48","guid":{"rendered":"http:\/\/mathieuwuhrmann.com\/?p=430"},"modified":"2024-05-15T07:45:28","modified_gmt":"2024-05-15T07:45:28","slug":"angelus","status":"publish","type":"post","link":"https:\/\/mathieuwuhrmann.com\/?p=430","title":{"rendered":"Ang\u00e9lus"},"content":{"rendered":"<p>Ang\u00e9lus (extraits du livre\u00a0<em>Portraits d&#8217;arbres)<\/em><\/p>\n<p>Notes de carnet :<\/p>\n<p>La rencontre avec l\u2019\u00ab Ang\u00e9lus \u00bb au quai d\u2019Orsay a eu un impact fort sur moi, comme j\u2019ai pu m\u2019en apercevoir plus tard. Dans le grand domaine o\u00f9 j\u2019exerce en tant que jardinier l\u2019\u00e9t\u00e9, j\u2019avais d\u00e9j\u00e0 remarqu\u00e9 un son de cloche particulier qui se glissait jusqu\u2019o\u00f9 je travaillais. Seulement celui-ci ne portait ni nom ni signification particuli\u00e8re. Quand je me suis aper\u00e7u qu\u2019il s\u2019agissait de l\u2019Ang\u00e9lus, une certitude a grandi : cette vibration venait d\u2019ailleurs, non du m\u00e9tal, non de la religion, mais directement des coups de pinceaux de Millet, ceux qui font venir l\u2019horizon jusqu\u2019\u00e0 l\u2019intime des deux paysans. C\u2019est ainsi que chaque matin j\u2019attendais, parfois avec impatience, \u00e0 cet endroit du domaine o\u00f9 les tintements traversaient le feuillage du bois. Cach\u00e9 \u2013 qui aurait pu comprendre ? \u2013 j\u2019essayais de faire revenir l\u2019attitude grave et paisible des deux paysans qui se tiennent \u00e0 l\u2019\u00e9cart du monde, quelque part au del\u00e0 d\u2019une peinture.<br \/>\nIl est frappant que les coups de pinceaux de Millet, moins visibles que ses traits au crayon dans ses esquisses ou que la direction de son outil dans ses gravures, vont tous dans une direction : celle de la lumi\u00e8re de l\u2019horizon. Seulement les figures semblent ne pas se laisser enti\u00e8rement emporter par ce flux de lumi\u00e8re dans le paysage. John Berger y voit l\u2019\u00e9chec d\u2019unir la figure \u00e0 ce qui l\u2019entoure.<br \/>\nEt tous ces tableaux &#8211; \u00e0 des degr\u00e9s variables &#8211; \u00e9chouent. Ils \u00e9chouent parce qu\u2019aucune unit\u00e9 n\u2019est trouv\u00e9e entre les figures et ce qui les entoure. La monumentalit\u00e9 des figures r\u00e9fute le tableau. Et vice-versa. R\u00e9sultat : les figures, comme d\u00e9coup\u00e9es, paraissent rigides et th\u00e9\u00e2trales.<\/p>\n","protected":false},"excerpt":{"rendered":"<p>Ang\u00e9lus (extraits du livre\u00a0Portraits d&#8217;arbres) Notes de carnet : La rencontre avec l\u2019\u00ab Ang\u00e9lus \u00bb au quai d\u2019Orsay a eu un impact fort sur moi, comme j\u2019ai pu m\u2019en apercevoir plus tard. Dans le grand domaine o\u00f9 j\u2019exerce en tant que jardinier l\u2019\u00e9t\u00e9, j\u2019avais d\u00e9j\u00e0 remarqu\u00e9 un son de cloche particulier qui se glissait jusqu\u2019o\u00f9 [&hellip;]<\/p>\n","protected":false},"author":1,"featured_media":0,"comment_status":"open","ping_status":"open","sticky":false,"template":"","format":"standard","meta":[],"categories":[18,10],"tags":[],"_links":{"self":[{"href":"https:\/\/mathieuwuhrmann.com\/index.php?rest_route=\/wp\/v2\/posts\/430"}],"collection":[{"href":"https:\/\/mathieuwuhrmann.com\/index.php?rest_route=\/wp\/v2\/posts"}],"about":[{"href":"https:\/\/mathieuwuhrmann.com\/index.php?rest_route=\/wp\/v2\/types\/post"}],"author":[{"embeddable":true,"href":"https:\/\/mathieuwuhrmann.com\/index.php?rest_route=\/wp\/v2\/users\/1"}],"replies":[{"embeddable":true,"href":"https:\/\/mathieuwuhrmann.com\/index.php?rest_route=%2Fwp%2Fv2%2Fcomments&post=430"}],"version-history":[{"count":6,"href":"https:\/\/mathieuwuhrmann.com\/index.php?rest_route=\/wp\/v2\/posts\/430\/revisions"}],"predecessor-version":[{"id":859,"href":"https:\/\/mathieuwuhrmann.com\/index.php?rest_route=\/wp\/v2\/posts\/430\/revisions\/859"}],"wp:attachment":[{"href":"https:\/\/mathieuwuhrmann.com\/index.php?rest_route=%2Fwp%2Fv2%2Fmedia&parent=430"}],"wp:term":[{"taxonomy":"category","embeddable":true,"href":"https:\/\/mathieuwuhrmann.com\/index.php?rest_route=%2Fwp%2Fv2%2Fcategories&post=430"},{"taxonomy":"post_tag","embeddable":true,"href":"https:\/\/mathieuwuhrmann.com\/index.php?rest_route=%2Fwp%2Fv2%2Ftags&post=430"}],"curies":[{"name":"wp","href":"https:\/\/api.w.org\/{rel}","templated":true}]}}