{"id":374,"date":"2018-01-09T13:23:42","date_gmt":"2018-01-09T13:23:42","guid":{"rendered":"http:\/\/mathieuwuhrmann.com\/?p=374"},"modified":"2018-02-09T12:30:54","modified_gmt":"2018-02-09T12:30:54","slug":"un-silence-encore-plus-silence","status":"publish","type":"post","link":"https:\/\/mathieuwuhrmann.com\/?p=374","title":{"rendered":"Silence"},"content":{"rendered":"<h4><em>Un silence encore plus silence <\/em>(extraits du livre\u00a0Portraits d&#8217;arbres)<\/h4>\n<p>Notes de carnets :<\/p>\n<p>Eug\u00e8ne Guillevic, cet ancien r\u00e9sistant, qui trouve dans son \u00e9criture une simplicit\u00e9 presque \u00e9l\u00e9mentaire\u00a0: j\u2019entends par l\u00e0 son amour des \u00e9l\u00e9ments qui l\u2019entourent et l\u2019inspirent. L\u2019oc\u00e9an, le vent, la roche, la terre. Il \u00ab\u00a0fore\u00a0\u00bb, comme il dit lui-m\u00eame, jusqu\u2019\u00e0 trouver ce \u00ab\u00a0silence\u00a0\u00bb qu\u2019il cherche partout.<\/p>\n<p>Je me sens dans ma pratique de la peinture tr\u00e8s proche de sa pratique aux mots. Moi aussi je ne veux pas \u00eatre \u00ab\u00a0forc\u00e9\u00a0\u00bb de peindre. \u00ab\u00a0Forc\u00e9\u00a0\u00bb par les attentes de notre soci\u00e9t\u00e9, par mes peurs et mes angoisses, \u00ab\u00a0forc\u00e9\u00a0\u00bb par le regard des autres. Alors il faut entrer en r\u00e9sistance, c\u2019est-\u00e0-dire travailler pour une n\u00e9cessit\u00e9 qui vient de nous-m\u00eames comme le dirait peut-\u00eatre Rilke.<\/p>\n<p>La po\u00e9sie a le pouvoir de se d\u00e9voiler petit \u00e0 petit. Le po\u00e8me a cela de particulier qu\u2019il faut lui laisser du temps. Le temps de la lecture, le temps que les images apparaissent, \u00e0 tel endroit, \u00e0 tel autre. Le temps aussi que ces images laissent place \u00e0 une compr\u00e9hension\u00a0, \u00e0 quelque chose que l\u2019on est s\u00fbr de reconna\u00eetre au moment o\u00f9 il appara\u00eet. C\u2019est la raison pour laquelle on lit de la po\u00e9sie d\u2019ailleurs. Pour cette chose fabuleuse qui peut se d\u00e9velopper progressivement ou surgir tout \u00e0 coup. Il est certain qu\u2019il faut que le po\u00e8me op\u00e8re, qu\u2019il y ait une sorte d\u2019alchimie entre le lecteur et le po\u00e8me. Ce ne sont alors plus seulement des mots sur une page, mais tout un univers, des couleurs, des sonorit\u00e9s, les effluves du po\u00e8te, de sa vie, de ce qu\u2019il veut dire, de ce qu\u2019il cache.<\/p>\n","protected":false},"excerpt":{"rendered":"<p>Un silence encore plus silence (extraits du livre\u00a0Portraits d&#8217;arbres) Notes de carnets : Eug\u00e8ne Guillevic, cet ancien r\u00e9sistant, qui trouve dans son \u00e9criture une simplicit\u00e9 presque \u00e9l\u00e9mentaire\u00a0: j\u2019entends par l\u00e0 son amour des \u00e9l\u00e9ments qui l\u2019entourent et l\u2019inspirent. L\u2019oc\u00e9an, le vent, la roche, la terre. Il \u00ab\u00a0fore\u00a0\u00bb, comme il dit lui-m\u00eame, jusqu\u2019\u00e0 trouver ce \u00ab\u00a0silence\u00a0\u00bb [&hellip;]<\/p>\n","protected":false},"author":1,"featured_media":0,"comment_status":"open","ping_status":"open","sticky":false,"template":"","format":"standard","meta":[],"categories":[10],"tags":[],"_links":{"self":[{"href":"https:\/\/mathieuwuhrmann.com\/index.php?rest_route=\/wp\/v2\/posts\/374"}],"collection":[{"href":"https:\/\/mathieuwuhrmann.com\/index.php?rest_route=\/wp\/v2\/posts"}],"about":[{"href":"https:\/\/mathieuwuhrmann.com\/index.php?rest_route=\/wp\/v2\/types\/post"}],"author":[{"embeddable":true,"href":"https:\/\/mathieuwuhrmann.com\/index.php?rest_route=\/wp\/v2\/users\/1"}],"replies":[{"embeddable":true,"href":"https:\/\/mathieuwuhrmann.com\/index.php?rest_route=%2Fwp%2Fv2%2Fcomments&post=374"}],"version-history":[{"count":9,"href":"https:\/\/mathieuwuhrmann.com\/index.php?rest_route=\/wp\/v2\/posts\/374\/revisions"}],"predecessor-version":[{"id":626,"href":"https:\/\/mathieuwuhrmann.com\/index.php?rest_route=\/wp\/v2\/posts\/374\/revisions\/626"}],"wp:attachment":[{"href":"https:\/\/mathieuwuhrmann.com\/index.php?rest_route=%2Fwp%2Fv2%2Fmedia&parent=374"}],"wp:term":[{"taxonomy":"category","embeddable":true,"href":"https:\/\/mathieuwuhrmann.com\/index.php?rest_route=%2Fwp%2Fv2%2Fcategories&post=374"},{"taxonomy":"post_tag","embeddable":true,"href":"https:\/\/mathieuwuhrmann.com\/index.php?rest_route=%2Fwp%2Fv2%2Ftags&post=374"}],"curies":[{"name":"wp","href":"https:\/\/api.w.org\/{rel}","templated":true}]}}