{"id":311,"date":"2017-12-19T11:19:26","date_gmt":"2017-12-19T11:19:26","guid":{"rendered":"http:\/\/mathieuwuhrmann.com\/?p=311"},"modified":"2018-02-09T12:31:15","modified_gmt":"2018-02-09T12:31:15","slug":"ecris-moi-une-lettre-sur-la-beaute","status":"publish","type":"post","link":"https:\/\/mathieuwuhrmann.com\/?p=311","title":{"rendered":"Lettre"},"content":{"rendered":"<h4>Lettre<\/h4>\n<p><em>Catharine Cary, artiste plasticienne surnomm\u00e9e la &#8220;tagueuse \u00e9l\u00e9gante&#8221;, a demand\u00e9 \u00e0 des amis de lui \u00e9crire une lettre sur la beaut\u00e9. Voici ma r\u00e9ponse :<\/em><\/p>\n<p style=\"font-weight: 400;\">J\u2019aimerais exprimer ce que la beaut\u00e9 m\u2019apporte, mais il est difficile de l\u2019exprimer\u2026\u00a0 J\u2019ose esp\u00e9rer que si ma tentative est honn\u00eate, la beaut\u00e9 viendra se poser sur ces quelques mots. Car quand je cherche \u00e0 l\u2019exprimer, d\u2019une mani\u00e8re ou d\u2019une autre, je ne peux qu\u2019esp\u00e9rer qu\u2019elle vienne habiter le lieu que je lui pr\u00e9pare.<\/p>\n<p style=\"font-weight: 400;\">La beaut\u00e9 que j\u2019aime est celle qui m\u2019attire, me traverse, celle qui m\u2019emm\u00e8ne vers une incompr\u00e9hension heureuse, vers un sentiment de calme, un monde o\u00f9 tout me semble \u00e0 sa place. Un monde o\u00f9\u00a0<em>je<\/em>\u00a0me sens \u00e0 ma place.<\/p>\n<p style=\"font-weight: 400;\">C\u2019est une beaut\u00e9 qui contient une force, qui me parle, qui me dit qu\u2019il y a un chemin pour la rejoindre, que ceci est vrai, juste.<\/p>\n<p style=\"font-weight: 400;\">Cette beaut\u00e9, je veux la garder pr\u00e8s de moi, la serrer contre mon c\u0153ur, intimement. Mais elle est trop libre pour cela. Si je veux la garder comme un souvenir, elle dispara\u00eet \u2013 ou plut\u00f4t je cesse de la voir \u2013 car je ne vois plus que son p\u00e2le souvenir, comme un collectionneur qui n\u2019aurait \u00e0 voir que ses\u00a0 papillons \u00e9pingl\u00e9s.<\/p>\n<p style=\"font-weight: 400;\">Si la beaut\u00e9 ne vient pas me toucher intimement, si elle ne me p\u00e9n\u00e8tre pas, si elle ne me traverse pas, il faut que je me m\u00e9fie, que je sois sur mes gardes, que je m&#8217;oublie peut-\u00eatre. Car la beaut\u00e9 surgit, souvent quand je ne l\u2019attends pas, par-del\u00e0 le visible. Elle me traverse alors comme une pluie qui nourrit une terre s\u00e8che, ou parfois comme une fl\u00e8che venue de je ne sais o\u00f9.<\/p>\n<p style=\"font-weight: 400;\">Je cherche souvent la beaut\u00e9, mais le moins possible dans les formes. J\u2019attends plut\u00f4t qu\u2019elle surgisse \u00e0 travers elles, ou bien au travers d\u2019un chant, d\u2019un parfum.<\/p>\n<p style=\"font-weight: 400;\">La\u00a0 beaut\u00e9 est comme une fleur qui s\u2019ouvre. La beaut\u00e9 est la couleur\u00a0rose qui s\u2019illumine dans mon esprit, quand mon regard croise sur le sol de la for\u00eat\u00a0 les p\u00e9tales d\u2019un \u0153illet. La beaut\u00e9 est un visage qui \u00e9claire.<\/p>\n<p>&nbsp;<\/p>\n<p style=\"font-weight: 400;\">La beaut\u00e9 est ce qui m\u2019attire, ce qui fait que je cherche \u00e0 me d\u00e9passer.<\/p>\n","protected":false},"excerpt":{"rendered":"<p>Lettre Catharine Cary, artiste plasticienne surnomm\u00e9e la &#8220;tagueuse \u00e9l\u00e9gante&#8221;, a demand\u00e9 \u00e0 des amis de lui \u00e9crire une lettre sur la beaut\u00e9. Voici ma r\u00e9ponse : J\u2019aimerais exprimer ce que la beaut\u00e9 m\u2019apporte, mais il est difficile de l\u2019exprimer\u2026\u00a0 J\u2019ose esp\u00e9rer que si ma tentative est honn\u00eate, la beaut\u00e9 viendra se poser sur ces quelques [&hellip;]<\/p>\n","protected":false},"author":1,"featured_media":0,"comment_status":"open","ping_status":"open","sticky":false,"template":"","format":"standard","meta":[],"categories":[10],"tags":[],"_links":{"self":[{"href":"https:\/\/mathieuwuhrmann.com\/index.php?rest_route=\/wp\/v2\/posts\/311"}],"collection":[{"href":"https:\/\/mathieuwuhrmann.com\/index.php?rest_route=\/wp\/v2\/posts"}],"about":[{"href":"https:\/\/mathieuwuhrmann.com\/index.php?rest_route=\/wp\/v2\/types\/post"}],"author":[{"embeddable":true,"href":"https:\/\/mathieuwuhrmann.com\/index.php?rest_route=\/wp\/v2\/users\/1"}],"replies":[{"embeddable":true,"href":"https:\/\/mathieuwuhrmann.com\/index.php?rest_route=%2Fwp%2Fv2%2Fcomments&post=311"}],"version-history":[{"count":3,"href":"https:\/\/mathieuwuhrmann.com\/index.php?rest_route=\/wp\/v2\/posts\/311\/revisions"}],"predecessor-version":[{"id":627,"href":"https:\/\/mathieuwuhrmann.com\/index.php?rest_route=\/wp\/v2\/posts\/311\/revisions\/627"}],"wp:attachment":[{"href":"https:\/\/mathieuwuhrmann.com\/index.php?rest_route=%2Fwp%2Fv2%2Fmedia&parent=311"}],"wp:term":[{"taxonomy":"category","embeddable":true,"href":"https:\/\/mathieuwuhrmann.com\/index.php?rest_route=%2Fwp%2Fv2%2Fcategories&post=311"},{"taxonomy":"post_tag","embeddable":true,"href":"https:\/\/mathieuwuhrmann.com\/index.php?rest_route=%2Fwp%2Fv2%2Ftags&post=311"}],"curies":[{"name":"wp","href":"https:\/\/api.w.org\/{rel}","templated":true}]}}